{"id":10793,"date":"2024-05-21T13:31:46","date_gmt":"2024-05-21T12:31:46","guid":{"rendered":"https:\/\/prose.one\/freight-transport-forum\/"},"modified":"2024-05-21T13:35:58","modified_gmt":"2024-05-21T12:35:58","slug":"gueterverkehrsforum","status":"publish","type":"post","link":"https:\/\/prose.one\/de\/gueterverkehrsforum\/","title":{"rendered":"G\u00fcterverkehrsforum"},"content":{"rendered":"<p><span lang=\"EN-US\">Das G\u00fcterverkehrsforum am 7. Mai 2024 in Z\u00fcrich brachte f\u00fchrende Vertreter:innen der Branche zusammen, um sich mit zentralen Themen wie den neuen Rahmenbedingungen f\u00fcr einen nachhaltigen G\u00fcterverkehr und der zuk\u00fcnftigen Transformation des Schieneng\u00fcterverkehrs zu befassen. Die Diskussionen boten Einblicke in gesetzliche Herausforderungen, technologische Innovationen und strategische Strategien aus mehreren europ\u00e4ischen L\u00e4ndern.<\/span><\/p>\n<div>Wir von PROSE beteiligen uns an solchen bahnbrechenden Gespr\u00e4chen und tragen zu ihnen bei. Das Forum deckte eine Reihe von Themen ab, darunter die Herausforderungen von Digital Rail, die Vorteile der digitalen automatischen Kopplung (DAK), die Rolle von Daten\u00f6kosystemen in der Logistik und das bahnbrechende Potenzial von Projekten wie Cargo Sous Terrain und der Magnetschwebebahntechnologie.<\/div>\n<p>In allem, was wir tun, gestalten wir die Mobilit\u00e4t von morgen. Von Projekten \u00fcber Foren und Verb\u00e4nde bis hin zu Veranstaltungen. Gehen Sie mit uns auf die Reise und lassen Sie sich von uns mit unseren massgeschneiderten und zuverl\u00e4ssigen L\u00f6sungen f\u00fcr die Bahntechnik unterst\u00fctzen.<\/p>\n<p>&nbsp;<\/p>\n","protected":false},"excerpt":{"rendered":"<p>Das G\u00fcterverkehrsforum am 7. Mai 2024 in Z\u00fcrich brachte f\u00fchrende Vertreter:innen der Branche zusammen, um sich mit zentralen Themen wie den neuen Rahmenbedingungen f\u00fcr einen nachhaltigen G\u00fcterverkehr und der zuk\u00fcnftigen Transformation des Schieneng\u00fcterverkehrs zu befassen. Die Diskussionen boten Einblicke in gesetzliche Herausforderungen, technologische Innovationen und strategische Strategien aus mehreren europ\u00e4ischen L\u00e4ndern. Wir von PROSE beteiligen [&hellip;]<\/p>\n","protected":false},"author":6,"featured_media":10791,"comment_status":"closed","ping_status":"closed","sticky":false,"template":"","format":"standard","meta":{"footnotes":""},"categories":[117,145],"tags":[165],"class_list":["post-10793","post","type-post","status-publish","format-standard","has-post-thumbnail","hentry","category-news-de","category-veranstaltungen","tag-veranstaltungen"],"yoast_head":"<!-- This site is optimized with the Yoast SEO plugin v27.5 - https:\/\/yoast.com\/product\/yoast-seo-wordpress\/ -->\n<title>G\u00fcterverkehrsforum - PROSE - Shaping tomorrow\u2019s mobility<\/title>\n<meta name=\"robots\" content=\"index, follow, max-snippet:-1, max-image-preview:large, max-video-preview:-1\" \/>\n<link rel=\"canonical\" href=\"https:\/\/prose.one\/de\/gueterverkehrsforum\/\" \/>\n<meta property=\"og:locale\" content=\"de_DE\" \/>\n<meta property=\"og:type\" content=\"article\" \/>\n<meta property=\"og:title\" content=\"G\u00fcterverkehrsforum - PROSE - Shaping tomorrow\u2019s mobility\" \/>\n<meta property=\"og:description\" content=\"Das G\u00fcterverkehrsforum am 7. Mai 2024 in Z\u00fcrich brachte f\u00fchrende Vertreter:innen der Branche zusammen, um sich mit zentralen Themen wie den neuen Rahmenbedingungen f\u00fcr einen nachhaltigen G\u00fcterverkehr und der zuk\u00fcnftigen Transformation des Schieneng\u00fcterverkehrs zu befassen. Die Diskussionen boten Einblicke in gesetzliche Herausforderungen, technologische Innovationen und strategische Strategien aus mehreren europ\u00e4ischen L\u00e4ndern. Wir von PROSE beteiligen [&hellip;]\" \/>\n<meta property=\"og:url\" content=\"https:\/\/prose.one\/de\/gueterverkehrsforum\/\" \/>\n<meta property=\"og:site_name\" content=\"PROSE - Shaping tomorrow\u2019s mobility\" \/>\n<meta property=\"article:published_time\" content=\"2024-05-21T12:31:46+00:00\" \/>\n<meta property=\"article:modified_time\" content=\"2024-05-21T12:35:58+00:00\" \/>\n<meta property=\"og:image\" content=\"https:\/\/prose.one\/wp-content\/uploads\/a-RFxVAP-Forum-24-69-1280x833-1.png\" \/>\n\t<meta property=\"og:image:width\" content=\"2250\" \/>\n\t<meta property=\"og:image:height\" content=\"1500\" \/>\n\t<meta property=\"og:image:type\" content=\"image\/png\" \/>\n<meta name=\"author\" content=\"Livia In-Albon\" \/>\n<meta name=\"twitter:card\" content=\"summary_large_image\" \/>\n<meta name=\"twitter:label1\" content=\"Verfasst von\" \/>\n\t<meta name=\"twitter:data1\" content=\"Livia In-Albon\" \/>\n\t<meta name=\"twitter:label2\" content=\"Gesch\u00e4tzte Lesezeit\" \/>\n\t<meta name=\"twitter:data2\" content=\"1\u00a0Minute\" \/>\n<script type=\"application\/ld+json\" class=\"yoast-schema-graph\">{\"@context\":\"https:\\\/\\\/schema.org\",\"@graph\":[{\"@type\":\"Article\",\"@id\":\"https:\\\/\\\/prose.one\\\/de\\\/gueterverkehrsforum\\\/#article\",\"isPartOf\":{\"@id\":\"https:\\\/\\\/prose.one\\\/de\\\/gueterverkehrsforum\\\/\"},\"author\":{\"name\":\"Livia In-Albon\",\"@id\":\"https:\\\/\\\/prose.one\\\/de\\\/#\\\/schema\\\/person\\\/9b8ca5747b2917846af4839447a82277\"},\"headline\":\"G\u00fcterverkehrsforum\",\"datePublished\":\"2024-05-21T12:31:46+00:00\",\"dateModified\":\"2024-05-21T12:35:58+00:00\",\"mainEntityOfPage\":{\"@id\":\"https:\\\/\\\/prose.one\\\/de\\\/gueterverkehrsforum\\\/\"},\"wordCount\":169,\"publisher\":{\"@id\":\"https:\\\/\\\/prose.one\\\/de\\\/#organization\"},\"image\":{\"@id\":\"https:\\\/\\\/prose.one\\\/de\\\/gueterverkehrsforum\\\/#primaryimage\"},\"thumbnailUrl\":\"https:\\\/\\\/prose.one\\\/wp-content\\\/uploads\\\/a-RFxVAP-Forum-24-69-1280x833-1.png\",\"keywords\":[\"Veranstaltungen\"],\"articleSection\":[\"Alle News\",\"Veranstaltungen\"],\"inLanguage\":\"de\"},{\"@type\":\"WebPage\",\"@id\":\"https:\\\/\\\/prose.one\\\/de\\\/gueterverkehrsforum\\\/\",\"url\":\"https:\\\/\\\/prose.one\\\/de\\\/gueterverkehrsforum\\\/\",\"name\":\"G\u00fcterverkehrsforum - PROSE - Shaping tomorrow\u2019s mobility\",\"isPartOf\":{\"@id\":\"https:\\\/\\\/prose.one\\\/de\\\/#website\"},\"primaryImageOfPage\":{\"@id\":\"https:\\\/\\\/prose.one\\\/de\\\/gueterverkehrsforum\\\/#primaryimage\"},\"image\":{\"@id\":\"https:\\\/\\\/prose.one\\\/de\\\/gueterverkehrsforum\\\/#primaryimage\"},\"thumbnailUrl\":\"https:\\\/\\\/prose.one\\\/wp-content\\\/uploads\\\/a-RFxVAP-Forum-24-69-1280x833-1.png\",\"datePublished\":\"2024-05-21T12:31:46+00:00\",\"dateModified\":\"2024-05-21T12:35:58+00:00\",\"breadcrumb\":{\"@id\":\"https:\\\/\\\/prose.one\\\/de\\\/gueterverkehrsforum\\\/#breadcrumb\"},\"inLanguage\":\"de\",\"potentialAction\":[{\"@type\":\"ReadAction\",\"target\":[\"https:\\\/\\\/prose.one\\\/de\\\/gueterverkehrsforum\\\/\"]}]},{\"@type\":\"ImageObject\",\"inLanguage\":\"de\",\"@id\":\"https:\\\/\\\/prose.one\\\/de\\\/gueterverkehrsforum\\\/#primaryimage\",\"url\":\"https:\\\/\\\/prose.one\\\/wp-content\\\/uploads\\\/a-RFxVAP-Forum-24-69-1280x833-1.png\",\"contentUrl\":\"https:\\\/\\\/prose.one\\\/wp-content\\\/uploads\\\/a-RFxVAP-Forum-24-69-1280x833-1.png\",\"width\":2250,\"height\":1500},{\"@type\":\"BreadcrumbList\",\"@id\":\"https:\\\/\\\/prose.one\\\/de\\\/gueterverkehrsforum\\\/#breadcrumb\",\"itemListElement\":[{\"@type\":\"ListItem\",\"position\":1,\"name\":\"Hem\",\"item\":\"https:\\\/\\\/prose.one\\\/de\\\/\"},{\"@type\":\"ListItem\",\"position\":2,\"name\":\"G\u00fcterverkehrsforum\"}]},{\"@type\":\"WebSite\",\"@id\":\"https:\\\/\\\/prose.one\\\/de\\\/#website\",\"url\":\"https:\\\/\\\/prose.one\\\/de\\\/\",\"name\":\"PROSE Shaping tomorrow\u2019s mobility\",\"description\":\"Shaping tomorrow\u2019s mobility\",\"publisher\":{\"@id\":\"https:\\\/\\\/prose.one\\\/de\\\/#organization\"},\"potentialAction\":[{\"@type\":\"SearchAction\",\"target\":{\"@type\":\"EntryPoint\",\"urlTemplate\":\"https:\\\/\\\/prose.one\\\/de\\\/?s={search_term_string}\"},\"query-input\":{\"@type\":\"PropertyValueSpecification\",\"valueRequired\":true,\"valueName\":\"search_term_string\"}}],\"inLanguage\":\"de\"},{\"@type\":\"Organization\",\"@id\":\"https:\\\/\\\/prose.one\\\/de\\\/#organization\",\"name\":\"PROSE\",\"url\":\"https:\\\/\\\/prose.one\\\/de\\\/\",\"logo\":{\"@type\":\"ImageObject\",\"inLanguage\":\"de\",\"@id\":\"https:\\\/\\\/prose.one\\\/de\\\/#\\\/schema\\\/logo\\\/image\\\/\",\"url\":\"https:\\\/\\\/prose.one\\\/wp-content\\\/uploads\\\/PROSE_logo_rgb.png\",\"contentUrl\":\"https:\\\/\\\/prose.one\\\/wp-content\\\/uploads\\\/PROSE_logo_rgb.png\",\"width\":1182,\"height\":326,\"caption\":\"PROSE\"},\"image\":{\"@id\":\"https:\\\/\\\/prose.one\\\/de\\\/#\\\/schema\\\/logo\\\/image\\\/\"},\"sameAs\":[\"https:\\\/\\\/www.linkedin.com\\\/company\\\/prose-group\"]},{\"@type\":\"Person\",\"@id\":\"https:\\\/\\\/prose.one\\\/de\\\/#\\\/schema\\\/person\\\/9b8ca5747b2917846af4839447a82277\",\"name\":\"Livia In-Albon\",\"url\":\"https:\\\/\\\/prose.one\\\/de\\\/author\\\/livia-in-albon\\\/\"}]}<\/script>\n<!-- \/ Yoast SEO plugin. -->","yoast_head_json":{"title":"G\u00fcterverkehrsforum - PROSE - Shaping tomorrow\u2019s mobility","robots":{"index":"index","follow":"follow","max-snippet":"max-snippet:-1","max-image-preview":"max-image-preview:large","max-video-preview":"max-video-preview:-1"},"canonical":"https:\/\/prose.one\/de\/gueterverkehrsforum\/","og_locale":"de_DE","og_type":"article","og_title":"G\u00fcterverkehrsforum - PROSE - Shaping tomorrow\u2019s mobility","og_description":"Das G\u00fcterverkehrsforum am 7. Mai 2024 in Z\u00fcrich brachte f\u00fchrende Vertreter:innen der Branche zusammen, um sich mit zentralen Themen wie den neuen Rahmenbedingungen f\u00fcr einen nachhaltigen G\u00fcterverkehr und der zuk\u00fcnftigen Transformation des Schieneng\u00fcterverkehrs zu befassen. Die Diskussionen boten Einblicke in gesetzliche Herausforderungen, technologische Innovationen und strategische Strategien aus mehreren europ\u00e4ischen L\u00e4ndern. Wir von PROSE beteiligen [&hellip;]","og_url":"https:\/\/prose.one\/de\/gueterverkehrsforum\/","og_site_name":"PROSE - Shaping tomorrow\u2019s mobility","article_published_time":"2024-05-21T12:31:46+00:00","article_modified_time":"2024-05-21T12:35:58+00:00","og_image":[{"url":"https:\/\/prose.one\/wp-content\/uploads\/a-RFxVAP-Forum-24-69-1280x833-1.png","width":2250,"height":1500,"type":"image\/png"}],"author":"Livia In-Albon","twitter_card":"summary_large_image","twitter_misc":{"Verfasst von":"Livia In-Albon","Gesch\u00e4tzte Lesezeit":"1\u00a0Minute"},"schema":{"@context":"https:\/\/schema.org","@graph":[{"@type":"Article","@id":"https:\/\/prose.one\/de\/gueterverkehrsforum\/#article","isPartOf":{"@id":"https:\/\/prose.one\/de\/gueterverkehrsforum\/"},"author":{"name":"Livia In-Albon","@id":"https:\/\/prose.one\/de\/#\/schema\/person\/9b8ca5747b2917846af4839447a82277"},"headline":"G\u00fcterverkehrsforum","datePublished":"2024-05-21T12:31:46+00:00","dateModified":"2024-05-21T12:35:58+00:00","mainEntityOfPage":{"@id":"https:\/\/prose.one\/de\/gueterverkehrsforum\/"},"wordCount":169,"publisher":{"@id":"https:\/\/prose.one\/de\/#organization"},"image":{"@id":"https:\/\/prose.one\/de\/gueterverkehrsforum\/#primaryimage"},"thumbnailUrl":"https:\/\/prose.one\/wp-content\/uploads\/a-RFxVAP-Forum-24-69-1280x833-1.png","keywords":["Veranstaltungen"],"articleSection":["Alle News","Veranstaltungen"],"inLanguage":"de"},{"@type":"WebPage","@id":"https:\/\/prose.one\/de\/gueterverkehrsforum\/","url":"https:\/\/prose.one\/de\/gueterverkehrsforum\/","name":"G\u00fcterverkehrsforum - PROSE - Shaping tomorrow\u2019s mobility","isPartOf":{"@id":"https:\/\/prose.one\/de\/#website"},"primaryImageOfPage":{"@id":"https:\/\/prose.one\/de\/gueterverkehrsforum\/#primaryimage"},"image":{"@id":"https:\/\/prose.one\/de\/gueterverkehrsforum\/#primaryimage"},"thumbnailUrl":"https:\/\/prose.one\/wp-content\/uploads\/a-RFxVAP-Forum-24-69-1280x833-1.png","datePublished":"2024-05-21T12:31:46+00:00","dateModified":"2024-05-21T12:35:58+00:00","breadcrumb":{"@id":"https:\/\/prose.one\/de\/gueterverkehrsforum\/#breadcrumb"},"inLanguage":"de","potentialAction":[{"@type":"ReadAction","target":["https:\/\/prose.one\/de\/gueterverkehrsforum\/"]}]},{"@type":"ImageObject","inLanguage":"de","@id":"https:\/\/prose.one\/de\/gueterverkehrsforum\/#primaryimage","url":"https:\/\/prose.one\/wp-content\/uploads\/a-RFxVAP-Forum-24-69-1280x833-1.png","contentUrl":"https:\/\/prose.one\/wp-content\/uploads\/a-RFxVAP-Forum-24-69-1280x833-1.png","width":2250,"height":1500},{"@type":"BreadcrumbList","@id":"https:\/\/prose.one\/de\/gueterverkehrsforum\/#breadcrumb","itemListElement":[{"@type":"ListItem","position":1,"name":"Hem","item":"https:\/\/prose.one\/de\/"},{"@type":"ListItem","position":2,"name":"G\u00fcterverkehrsforum"}]},{"@type":"WebSite","@id":"https:\/\/prose.one\/de\/#website","url":"https:\/\/prose.one\/de\/","name":"PROSE Shaping tomorrow\u2019s mobility","description":"Shaping tomorrow\u2019s mobility","publisher":{"@id":"https:\/\/prose.one\/de\/#organization"},"potentialAction":[{"@type":"SearchAction","target":{"@type":"EntryPoint","urlTemplate":"https:\/\/prose.one\/de\/?s={search_term_string}"},"query-input":{"@type":"PropertyValueSpecification","valueRequired":true,"valueName":"search_term_string"}}],"inLanguage":"de"},{"@type":"Organization","@id":"https:\/\/prose.one\/de\/#organization","name":"PROSE","url":"https:\/\/prose.one\/de\/","logo":{"@type":"ImageObject","inLanguage":"de","@id":"https:\/\/prose.one\/de\/#\/schema\/logo\/image\/","url":"https:\/\/prose.one\/wp-content\/uploads\/PROSE_logo_rgb.png","contentUrl":"https:\/\/prose.one\/wp-content\/uploads\/PROSE_logo_rgb.png","width":1182,"height":326,"caption":"PROSE"},"image":{"@id":"https:\/\/prose.one\/de\/#\/schema\/logo\/image\/"},"sameAs":["https:\/\/www.linkedin.com\/company\/prose-group"]},{"@type":"Person","@id":"https:\/\/prose.one\/de\/#\/schema\/person\/9b8ca5747b2917846af4839447a82277","name":"Livia In-Albon","url":"https:\/\/prose.one\/de\/author\/livia-in-albon\/"}]}},"_links":{"self":[{"href":"https:\/\/prose.one\/de\/wp-json\/wp\/v2\/posts\/10793","targetHints":{"allow":["GET"]}}],"collection":[{"href":"https:\/\/prose.one\/de\/wp-json\/wp\/v2\/posts"}],"about":[{"href":"https:\/\/prose.one\/de\/wp-json\/wp\/v2\/types\/post"}],"author":[{"embeddable":true,"href":"https:\/\/prose.one\/de\/wp-json\/wp\/v2\/users\/6"}],"replies":[{"embeddable":true,"href":"https:\/\/prose.one\/de\/wp-json\/wp\/v2\/comments?post=10793"}],"version-history":[{"count":1,"href":"https:\/\/prose.one\/de\/wp-json\/wp\/v2\/posts\/10793\/revisions"}],"predecessor-version":[{"id":10794,"href":"https:\/\/prose.one\/de\/wp-json\/wp\/v2\/posts\/10793\/revisions\/10794"}],"wp:featuredmedia":[{"embeddable":true,"href":"https:\/\/prose.one\/de\/wp-json\/wp\/v2\/media\/10791"}],"wp:attachment":[{"href":"https:\/\/prose.one\/de\/wp-json\/wp\/v2\/media?parent=10793"}],"wp:term":[{"taxonomy":"category","embeddable":true,"href":"https:\/\/prose.one\/de\/wp-json\/wp\/v2\/categories?post=10793"},{"taxonomy":"post_tag","embeddable":true,"href":"https:\/\/prose.one\/de\/wp-json\/wp\/v2\/tags?post=10793"}],"curies":[{"name":"wp","href":"https:\/\/api.w.org\/{rel}","templated":true}]}}